{"id":3084,"date":"2025-01-02T11:13:04","date_gmt":"2025-01-02T10:13:04","guid":{"rendered":"https:\/\/uelsen-nachhaltig.de\/wordpress\/?p=3084"},"modified":"2025-01-05T13:27:15","modified_gmt":"2025-01-05T12:27:15","slug":"bildungs-und-aufklaerungsarbeit-ressort-2","status":"publish","type":"post","link":"https:\/\/uelsen-nachhaltig.de\/wordpress\/bildungs-und-aufklaerungsarbeit-ressort-2\/","title":{"rendered":"Bildungs- und Aufkl\u00e4rungsarbeit Ressort 2"},"content":{"rendered":"\n<div class=\"wp-block-uagb-container uagb-block-a2e03804 alignfull uagb-is-root-container\"><div class=\"uagb-container-inner-blocks-wrap\">\n<div class=\"wp-block-uagb-container uagb-block-6274695b alignfull uagb-is-root-container\"><div class=\"uagb-container-inner-blocks-wrap\">\n<div class=\"wp-block-uagb-advanced-heading uagb-block-962c984a\"><h1 class=\"uagb-heading-text\">Bildungs- und Aufkl\u00e4rungsarbeit [Ressort 2]<\/h1><\/div>\n\n\n\n<div class=\"wp-block-uagb-advanced-heading uagb-block-c7038491\"><h4 class=\"uagb-heading-text\">Ver\u00e4nderung zum guten nachhaltigen Lebensstil f\u00e4ngt in den K\u00f6pfen an.<br>Warum ist sie n\u00f6tig?<\/h4><\/div>\n\n\n\n<div class=\"wp-block-uagb-container uagb-block-a9fce681 alignfull uagb-is-root-container\"><div class=\"uagb-container-inner-blocks-wrap\">\n<div class=\"wp-block-uagb-container uagb-block-fef8ea2b\">\n<div class=\"wp-block-uagb-image uagb-block-352b2855 wp-block-uagb-image--layout-default wp-block-uagb-image--effect-static wp-block-uagb-image--align-none\"><figure class=\"wp-block-uagb-image__figure\"><img decoding=\"async\" srcset=\"https:\/\/uelsen-nachhaltig.de\/wordpress\/wp-content\/uploads\/2025\/01\/ertrinken-an-Fuelle-verdursten-an-Leere-1.jpg ,https:\/\/uelsen-nachhaltig.de\/wordpress\/wp-content\/uploads\/2025\/01\/ertrinken-an-Fuelle-verdursten-an-Leere-1.jpg 780w, https:\/\/uelsen-nachhaltig.de\/wordpress\/wp-content\/uploads\/2025\/01\/ertrinken-an-Fuelle-verdursten-an-Leere-1.jpg 360w\" sizes=\"auto, (max-width: 480px) 150px\" src=\"https:\/\/uelsen-nachhaltig.de\/wordpress\/wp-content\/uploads\/2025\/01\/ertrinken-an-Fuelle-verdursten-an-Leere-1.jpg\" alt=\"\" class=\"uag-image-3038\" width=\"315\" height=\"362\" title=\"ertrinken an F\u00fclle - verdursten an Leere\" loading=\"lazy\" role=\"img\"\/><\/figure><\/div>\n<\/div>\n\n\n\n<div class=\"wp-block-uagb-container uagb-block-59d679b8\">\n<div class=\"wp-block-uagb-advanced-heading uagb-block-a5650ba4\"><h3 class=\"uagb-heading-text\"> &#8222;Das Volk verdirbt aus Mangel an Erkenntnis.&#8220;<\/h3><\/div>\n<\/div>\n\n\n\n<div class=\"wp-block-uagb-container uagb-block-e05eb1e6\">\n<div class=\"wp-block-uagb-image uagb-block-9c32acd6 wp-block-uagb-image--layout-default wp-block-uagb-image--effect-static wp-block-uagb-image--align-none\"><figure class=\"wp-block-uagb-image__figure\"><img decoding=\"async\" srcset=\"https:\/\/uelsen-nachhaltig.de\/wordpress\/wp-content\/uploads\/2025\/01\/20210811_190331-1024x681.jpg ,https:\/\/uelsen-nachhaltig.de\/wordpress\/wp-content\/uploads\/2025\/01\/20210811_190331.jpg 780w, https:\/\/uelsen-nachhaltig.de\/wordpress\/wp-content\/uploads\/2025\/01\/20210811_190331.jpg 360w\" sizes=\"auto, (max-width: 480px) 150px\" src=\"https:\/\/uelsen-nachhaltig.de\/wordpress\/wp-content\/uploads\/2025\/01\/20210811_190331-1024x681.jpg\" alt=\"\" class=\"uag-image-3039\" width=\"2276\" height=\"1514\" title=\"20210811_190331\" loading=\"lazy\" role=\"img\"\/><\/figure><\/div>\n<\/div>\n<\/div><\/div>\n\n\n\n<div class=\"wp-block-uagb-container uagb-block-37609993 alignfull uagb-is-root-container\"><div class=\"uagb-container-inner-blocks-wrap\">\n<div class=\"wp-block-uagb-advanced-heading uagb-block-e8b33011\"><h3 class=\"uagb-heading-text\">Was wir vor Ort planen und ansatzweise praktizieren:<\/h3><\/div>\n\n\n\n<div class=\"wp-block-uagb-advanced-heading uagb-block-5761fed5\"><h4 class=\"uagb-heading-text\">&#8211; Literatur- und Medienbereitstellung [Einrichtung Biblio-\/Mediathek]<br>&#8211; Lesef\u00f6rderung auf verschiedenen Ebenen<br>&#8211; Kulturangebote erm\u00f6glichen<br>&#8211; Unterst\u00fctzung dienstbarer Anbieter \/ Einrichtungen (s.u.)<br><\/h4><\/div>\n<\/div><\/div>\n<\/div><\/div>\n<\/div><\/div>\n","protected":false},"excerpt":{"rendered":"<p>Bildungs- und Aufkl\u00e4rungsarbeit [Ressort 2] Ver\u00e4nderung zum guten nachhaltigen Lebensstil f\u00e4ngt in den K\u00f6pfen an.Warum ist sie n\u00f6tig? &#8222;Das Volk [&hellip;]<\/p>\n","protected":false},"author":1,"featured_media":3039,"comment_status":"open","ping_status":"open","sticky":false,"template":"","format":"standard","meta":{"_uag_custom_page_level_css":"","site-sidebar-layout":"default","site-content-layout":"","ast-site-content-layout":"","site-content-style":"default","site-sidebar-style":"default","ast-global-header-display":"","ast-banner-title-visibility":"","ast-main-header-display":"","ast-hfb-above-header-display":"","ast-hfb-below-header-display":"","ast-hfb-mobile-header-display":"","site-post-title":"disabled","ast-breadcrumbs-content":"","ast-featured-img":"","footer-sml-layout":"","theme-transparent-header-meta":"","adv-header-id-meta":"","stick-header-meta":"","header-above-stick-meta":"","header-main-stick-meta":"","header-below-stick-meta":"","astra-migrate-meta-layouts":"default","ast-page-background-enabled":"default","ast-page-background-meta":{"desktop":{"background-color":"var(--ast-global-color-4)","background-image":"","background-repeat":"repeat","background-position":"center center","background-size":"auto","background-attachment":"scroll","background-type":"","background-media":"","overlay-type":"","overlay-color":"","overlay-opacity":"","overlay-gradient":""},"tablet":{"background-color":"","background-image":"","background-repeat":"repeat","background-position":"center center","background-size":"auto","background-attachment":"scroll","background-type":"","background-media":"","overlay-type":"","overlay-color":"","overlay-opacity":"","overlay-gradient":""},"mobile":{"background-color":"","background-image":"","background-repeat":"repeat","background-position":"center center","background-size":"auto","background-attachment":"scroll","background-type":"","background-media":"","overlay-type":"","overlay-color":"","overlay-opacity":"","overlay-gradient":""}},"ast-content-background-meta":{"desktop":{"background-color":"var(--ast-global-color-5)","background-image":"","background-repeat":"repeat","background-position":"center center","background-size":"auto","background-attachment":"scroll","background-type":"","background-media":"","overlay-type":"","overlay-color":"","overlay-opacity":"","overlay-gradient":""},"tablet":{"background-color":"var(--ast-global-color-5)","background-image":"","background-repeat":"repeat","background-position":"center center","background-size":"auto","background-attachment":"scroll","background-type":"","background-media":"","overlay-type":"","overlay-color":"","overlay-opacity":"","overlay-gradient":""},"mobile":{"background-color":"var(--ast-global-color-5)","background-image":"","background-repeat":"repeat","background-position":"center center","background-size":"auto","background-attachment":"scroll","background-type":"","background-media":"","overlay-type":"","overlay-color":"","overlay-opacity":"","overlay-gradient":""}},"iawp_total_views":6,"footnotes":""},"categories":[19],"tags":[],"class_list":["post-3084","post","type-post","status-publish","format-standard","has-post-thumbnail","hentry","category-fazit"],"uagb_featured_image_src":{"full":["https:\/\/uelsen-nachhaltig.de\/wordpress\/wp-content\/uploads\/2025\/01\/20210811_190331.jpg",2276,1514,false],"thumbnail":["https:\/\/uelsen-nachhaltig.de\/wordpress\/wp-content\/uploads\/2025\/01\/20210811_190331-150x150.jpg",150,150,true],"medium":["https:\/\/uelsen-nachhaltig.de\/wordpress\/wp-content\/uploads\/2025\/01\/20210811_190331-300x200.jpg",300,200,true],"medium_large":["https:\/\/uelsen-nachhaltig.de\/wordpress\/wp-content\/uploads\/2025\/01\/20210811_190331-768x511.jpg",768,511,true],"large":["https:\/\/uelsen-nachhaltig.de\/wordpress\/wp-content\/uploads\/2025\/01\/20210811_190331-1024x681.jpg",1024,681,true],"1536x1536":["https:\/\/uelsen-nachhaltig.de\/wordpress\/wp-content\/uploads\/2025\/01\/20210811_190331-1536x1022.jpg",1536,1022,true],"2048x2048":["https:\/\/uelsen-nachhaltig.de\/wordpress\/wp-content\/uploads\/2025\/01\/20210811_190331-2048x1362.jpg",2048,1362,true]},"uagb_author_info":{"display_name":"hermannmarkert","author_link":"https:\/\/uelsen-nachhaltig.de\/wordpress\/author\/hermannmarkert\/"},"uagb_comment_info":0,"uagb_excerpt":"Bildungs- und Aufkl\u00e4rungsarbeit [Ressort 2] Ver\u00e4nderung zum guten nachhaltigen Lebensstil f\u00e4ngt in den K\u00f6pfen an.Warum ist sie n\u00f6tig? &#8222;Das Volk [&hellip;]","_links":{"self":[{"href":"https:\/\/uelsen-nachhaltig.de\/wordpress\/wp-json\/wp\/v2\/posts\/3084","targetHints":{"allow":["GET"]}}],"collection":[{"href":"https:\/\/uelsen-nachhaltig.de\/wordpress\/wp-json\/wp\/v2\/posts"}],"about":[{"href":"https:\/\/uelsen-nachhaltig.de\/wordpress\/wp-json\/wp\/v2\/types\/post"}],"author":[{"embeddable":true,"href":"https:\/\/uelsen-nachhaltig.de\/wordpress\/wp-json\/wp\/v2\/users\/1"}],"replies":[{"embeddable":true,"href":"https:\/\/uelsen-nachhaltig.de\/wordpress\/wp-json\/wp\/v2\/comments?post=3084"}],"version-history":[{"count":3,"href":"https:\/\/uelsen-nachhaltig.de\/wordpress\/wp-json\/wp\/v2\/posts\/3084\/revisions"}],"predecessor-version":[{"id":3102,"href":"https:\/\/uelsen-nachhaltig.de\/wordpress\/wp-json\/wp\/v2\/posts\/3084\/revisions\/3102"}],"wp:featuredmedia":[{"embeddable":true,"href":"https:\/\/uelsen-nachhaltig.de\/wordpress\/wp-json\/wp\/v2\/media\/3039"}],"wp:attachment":[{"href":"https:\/\/uelsen-nachhaltig.de\/wordpress\/wp-json\/wp\/v2\/media?parent=3084"}],"wp:term":[{"taxonomy":"category","embeddable":true,"href":"https:\/\/uelsen-nachhaltig.de\/wordpress\/wp-json\/wp\/v2\/categories?post=3084"},{"taxonomy":"post_tag","embeddable":true,"href":"https:\/\/uelsen-nachhaltig.de\/wordpress\/wp-json\/wp\/v2\/tags?post=3084"}],"curies":[{"name":"wp","href":"https:\/\/api.w.org\/{rel}","templated":true}]}}