{"id":3002,"date":"2024-12-31T15:02:26","date_gmt":"2024-12-31T14:02:26","guid":{"rendered":"https:\/\/uelsen-nachhaltig.de\/wordpress\/?p=3002"},"modified":"2025-01-05T12:02:01","modified_gmt":"2025-01-05T11:02:01","slug":"silvestergedanken-was-bleibt","status":"publish","type":"post","link":"https:\/\/uelsen-nachhaltig.de\/wordpress\/silvestergedanken-was-bleibt\/","title":{"rendered":"Silvestergedanken  &#8211; Was bleibt &#8211;"},"content":{"rendered":"\n<div class=\"wp-block-uagb-container uagb-block-16119b4e alignfull uagb-is-root-container\"><div class=\"uagb-container-inner-blocks-wrap\">\n<div class=\"wp-block-uagb-container uagb-block-16534c7b alignfull uagb-is-root-container\"><div class=\"uagb-container-inner-blocks-wrap\">\n<div class=\"wp-block-uagb-advanced-heading uagb-block-24795fd4\"><h1 class=\"uagb-heading-text\">Silvestergedanken  &#8211; Was bleibt &#8211;<\/h1><\/div>\n\n\n\n<div class=\"wp-block-uagb-advanced-heading uagb-block-0def2fef\"><h2 class=\"uagb-heading-text\">weitergedacht<\/h2><\/div>\n\n\n\n<div class=\"wp-block-uagb-advanced-heading uagb-block-338b0b25\"><h3 class=\"uagb-heading-text\">Das Jahr ist dahin. Nun, es kommt ja ein Neues. Mit neuer Zeit, neue und verbleibende Ressourcen (Geld, F\u00e4higkeiten, Wohnung, \u2026, vllcht. auch Familie, als stetige Ressource \u2026). Was aber, wenn es passiert, dass \u201aetwas\u2018 nicht bleibt, einfach wegf\u00e4llt? Kommt vor, (bisher immer bei anderen?), dass die erf\u00fcllende Arbeit wegbricht, die Gesundheit nicht mehr \u201amitspielt\u2018, zu einem geliebten Menschen eine unsch\u00f6ne Distanz entstand oder gar ein Mensch an meiner Seite wirklich \u201aweggefallen\u2018 ist. Das sind schon \u201aKl\u00f6tze\u2018, die keiner so einfach wegsteckt.<br>Anders ist es mit den allt\u00e4glichen Verlusten, mit denen wir zu leben gelernt haben. Wenn immer wieder der Hunger kommt, das Geld futsch ist, die Woche, die freien Tage, das sch\u00f6ne Fest \u2026&nbsp; &#8211; Dann \u201ajage\u2018 ich dem n\u00e4chsten leckeren Essen, dem neuen Geld, dem n\u00e4chsten Event und Urlaub u.s.w. nach. Klappt ja auch. Immer noch.<\/h3><\/div>\n\n\n\n<div class=\"wp-block-uagb-image uagb-block-4930ad4c wp-block-uagb-image--layout-default wp-block-uagb-image--effect-static wp-block-uagb-image--align-none\"><figure class=\"wp-block-uagb-image__figure\"><img decoding=\"async\" srcset=\"https:\/\/uelsen-nachhaltig.de\/wordpress\/wp-content\/uploads\/2024\/12\/Logo1-1024x383.jpg ,https:\/\/uelsen-nachhaltig.de\/wordpress\/wp-content\/uploads\/2024\/12\/Logo1.jpg 780w, https:\/\/uelsen-nachhaltig.de\/wordpress\/wp-content\/uploads\/2024\/12\/Logo1.jpg 360w\" sizes=\"auto, (max-width: 480px) 150px\" src=\"https:\/\/uelsen-nachhaltig.de\/wordpress\/wp-content\/uploads\/2024\/12\/Logo1-1024x383.jpg\" alt=\"\" class=\"uag-image-3003\" width=\"2140\" height=\"800\" title=\"Logo1++\" loading=\"lazy\" role=\"img\"\/><\/figure><\/div>\n\n\n\n<div class=\"wp-block-uagb-advanced-heading uagb-block-212fdcd3\"><h2 class=\"uagb-heading-text\">Frage: was macht eigentlich wirklich \u201asatt\u2018 und zufrieden? Wo ist mein Halt, mein \u201aRuhe\u2018pol? &nbsp;Ist es mein Hobby, meine Arbeit, das Handy, die Familie \u2026? &#8211; Habe ich vorgesorgt, um bei m\u00f6glichem Verlust \u201a\u00fcberleben\u2018 zu k\u00f6nnen?<br>Was bleibt mir, wenn mir das bisher Wichtigste \u201agenommen\u2018 wurde oder es mich einfach nicht mehr zufrieden stellt?<br>Frieden. Ein gern benutztes Wort um Weihnachten und Neujahr herum. Die Mitglieder einer Popgruppe wurden gefragt, was denn ihr gr\u00f6\u00dfter Wunsch w\u00e4re. Jeder nannte: Frieden.<br>Ist somit das Wichtigste gewonnen, wenn jeder pers\u00f6nlich Frieden hat?<br>Nur, wie komme ich dahin?<br>\u2026<\/h2><\/div>\n<\/div><\/div>\n<\/div><\/div>\n\n\n\n<div class=\"wp-block-uagb-container uagb-block-1984e32a alignfull uagb-is-root-container\"><div class=\"uagb-container-inner-blocks-wrap\">\n<div class=\"wp-block-uagb-container uagb-block-6e79aab3\">\n<div class=\"wp-block-uagb-advanced-heading uagb-block-3b08fadb\"><h4 class=\"uagb-heading-text\">Weiter:<br><a href=\"https:\/\/uelsen-nachhaltig.de\/wordpress\/silvestergedanken-was-bleibt\/\"> https:\/\/uelsen-nachhaltig.de\/wordpress\/silvestergedanken-was-bleibt\/<\/a><\/h4><\/div>\n<\/div>\n\n\n\n<div class=\"wp-block-uagb-container uagb-block-ece5fea3\">\n<div class=\"wp-block-uagb-advanced-heading uagb-block-6a22075b\"><h4 class=\"uagb-heading-text\">Interessant dazu auch:<br><a href=\"https:\/\/uelsen-nachhaltig.de\/wordpress\/warum-verhalten-wir-uns-nicht-nachhaltig\/\">https:\/\/uelsen-nachhaltig.de\/wordpress\/warum-verhalten-wir-uns-nicht-nachhaltig\/<\/a><br><\/h4><\/div>\n<\/div>\n<\/div><\/div>\n\n\n\n<p><\/p>\n","protected":false},"excerpt":{"rendered":"<p>Silvestergedanken &#8211; Was bleibt &#8211; weitergedacht Das Jahr ist dahin. Nun, es kommt ja ein Neues. Mit neuer Zeit, neue [&hellip;]<\/p>\n","protected":false},"author":1,"featured_media":3003,"comment_status":"open","ping_status":"open","sticky":false,"template":"","format":"standard","meta":{"_uag_custom_page_level_css":"","site-sidebar-layout":"default","site-content-layout":"","ast-site-content-layout":"","site-content-style":"default","site-sidebar-style":"default","ast-global-header-display":"","ast-banner-title-visibility":"","ast-main-header-display":"","ast-hfb-above-header-display":"","ast-hfb-below-header-display":"","ast-hfb-mobile-header-display":"","site-post-title":"disabled","ast-breadcrumbs-content":"","ast-featured-img":"","footer-sml-layout":"","theme-transparent-header-meta":"","adv-header-id-meta":"","stick-header-meta":"","header-above-stick-meta":"","header-main-stick-meta":"","header-below-stick-meta":"","astra-migrate-meta-layouts":"default","ast-page-background-enabled":"default","ast-page-background-meta":{"desktop":{"background-color":"var(--ast-global-color-4)","background-image":"","background-repeat":"repeat","background-position":"center center","background-size":"auto","background-attachment":"scroll","background-type":"","background-media":"","overlay-type":"","overlay-color":"","overlay-opacity":"","overlay-gradient":""},"tablet":{"background-color":"","background-image":"","background-repeat":"repeat","background-position":"center center","background-size":"auto","background-attachment":"scroll","background-type":"","background-media":"","overlay-type":"","overlay-color":"","overlay-opacity":"","overlay-gradient":""},"mobile":{"background-color":"","background-image":"","background-repeat":"repeat","background-position":"center center","background-size":"auto","background-attachment":"scroll","background-type":"","background-media":"","overlay-type":"","overlay-color":"","overlay-opacity":"","overlay-gradient":""}},"ast-content-background-meta":{"desktop":{"background-color":"var(--ast-global-color-5)","background-image":"","background-repeat":"repeat","background-position":"center center","background-size":"auto","background-attachment":"scroll","background-type":"","background-media":"","overlay-type":"","overlay-color":"","overlay-opacity":"","overlay-gradient":""},"tablet":{"background-color":"var(--ast-global-color-5)","background-image":"","background-repeat":"repeat","background-position":"center center","background-size":"auto","background-attachment":"scroll","background-type":"","background-media":"","overlay-type":"","overlay-color":"","overlay-opacity":"","overlay-gradient":""},"mobile":{"background-color":"var(--ast-global-color-5)","background-image":"","background-repeat":"repeat","background-position":"center center","background-size":"auto","background-attachment":"scroll","background-type":"","background-media":"","overlay-type":"","overlay-color":"","overlay-opacity":"","overlay-gradient":""}},"iawp_total_views":6,"footnotes":""},"categories":[13],"tags":[],"class_list":["post-3002","post","type-post","status-publish","format-standard","has-post-thumbnail","hentry","category-advent"],"uagb_featured_image_src":{"full":["https:\/\/uelsen-nachhaltig.de\/wordpress\/wp-content\/uploads\/2024\/12\/Logo1.jpg",2140,800,false],"thumbnail":["https:\/\/uelsen-nachhaltig.de\/wordpress\/wp-content\/uploads\/2024\/12\/Logo1-150x150.jpg",150,150,true],"medium":["https:\/\/uelsen-nachhaltig.de\/wordpress\/wp-content\/uploads\/2024\/12\/Logo1-300x112.jpg",300,112,true],"medium_large":["https:\/\/uelsen-nachhaltig.de\/wordpress\/wp-content\/uploads\/2024\/12\/Logo1-768x287.jpg",768,287,true],"large":["https:\/\/uelsen-nachhaltig.de\/wordpress\/wp-content\/uploads\/2024\/12\/Logo1-1024x383.jpg",1024,383,true],"1536x1536":["https:\/\/uelsen-nachhaltig.de\/wordpress\/wp-content\/uploads\/2024\/12\/Logo1-1536x574.jpg",1536,574,true],"2048x2048":["https:\/\/uelsen-nachhaltig.de\/wordpress\/wp-content\/uploads\/2024\/12\/Logo1-2048x766.jpg",2048,766,true]},"uagb_author_info":{"display_name":"hermannmarkert","author_link":"https:\/\/uelsen-nachhaltig.de\/wordpress\/author\/hermannmarkert\/"},"uagb_comment_info":0,"uagb_excerpt":"Silvestergedanken &#8211; Was bleibt &#8211; weitergedacht Das Jahr ist dahin. Nun, es kommt ja ein Neues. Mit neuer Zeit, neue [&hellip;]","_links":{"self":[{"href":"https:\/\/uelsen-nachhaltig.de\/wordpress\/wp-json\/wp\/v2\/posts\/3002","targetHints":{"allow":["GET"]}}],"collection":[{"href":"https:\/\/uelsen-nachhaltig.de\/wordpress\/wp-json\/wp\/v2\/posts"}],"about":[{"href":"https:\/\/uelsen-nachhaltig.de\/wordpress\/wp-json\/wp\/v2\/types\/post"}],"author":[{"embeddable":true,"href":"https:\/\/uelsen-nachhaltig.de\/wordpress\/wp-json\/wp\/v2\/users\/1"}],"replies":[{"embeddable":true,"href":"https:\/\/uelsen-nachhaltig.de\/wordpress\/wp-json\/wp\/v2\/comments?post=3002"}],"version-history":[{"count":9,"href":"https:\/\/uelsen-nachhaltig.de\/wordpress\/wp-json\/wp\/v2\/posts\/3002\/revisions"}],"predecessor-version":[{"id":3024,"href":"https:\/\/uelsen-nachhaltig.de\/wordpress\/wp-json\/wp\/v2\/posts\/3002\/revisions\/3024"}],"wp:featuredmedia":[{"embeddable":true,"href":"https:\/\/uelsen-nachhaltig.de\/wordpress\/wp-json\/wp\/v2\/media\/3003"}],"wp:attachment":[{"href":"https:\/\/uelsen-nachhaltig.de\/wordpress\/wp-json\/wp\/v2\/media?parent=3002"}],"wp:term":[{"taxonomy":"category","embeddable":true,"href":"https:\/\/uelsen-nachhaltig.de\/wordpress\/wp-json\/wp\/v2\/categories?post=3002"},{"taxonomy":"post_tag","embeddable":true,"href":"https:\/\/uelsen-nachhaltig.de\/wordpress\/wp-json\/wp\/v2\/tags?post=3002"}],"curies":[{"name":"wp","href":"https:\/\/api.w.org\/{rel}","templated":true}]}}