{"id":2904,"date":"2024-11-04T15:59:01","date_gmt":"2024-11-04T14:59:01","guid":{"rendered":"https:\/\/uelsen-nachhaltig.de\/wordpress\/?p=2904"},"modified":"2025-01-05T13:53:47","modified_gmt":"2025-01-05T12:53:47","slug":"gute-luft-im-raum","status":"publish","type":"post","link":"https:\/\/uelsen-nachhaltig.de\/wordpress\/gute-luft-im-raum\/","title":{"rendered":"Gute Luft im Raum"},"content":{"rendered":"\n<div class=\"wp-block-uagb-container uagb-block-5dea1c26 alignfull uagb-is-root-container\"><div class=\"uagb-container-inner-blocks-wrap\">\n<div class=\"wp-block-uagb-advanced-heading uagb-block-6578aed7\"><h1 class=\"uagb-heading-text\">Gute Luft im Raum  &#8211; gewusst wie<\/h1><\/div>\n\n\n\n<div class=\"wp-block-uagb-advanced-heading uagb-block-f230907a\"><h2 class=\"uagb-heading-text\">Warum ist der Luft-Austausch so wichtig?<\/h2><\/div>\n<\/div><\/div>\n\n\n\n<div class=\"wp-block-uagb-container uagb-block-432d0603 alignfull uagb-is-root-container\"><div class=\"uagb-container-inner-blocks-wrap\">\n<div class=\"wp-block-uagb-container uagb-block-3805527b\">\n<p><\/p>\n\n\n\n<div class=\"wp-block-uagb-advanced-heading uagb-block-018d71ac\"><h4 class=\"uagb-heading-text\">Zun\u00e4chst:<\/h4><\/div>\n<\/div>\n\n\n\n<div class=\"wp-block-uagb-container uagb-block-30cd478e\">\n<div class=\"wp-block-uagb-image uagb-block-80164eb9 wp-block-uagb-image--layout-default wp-block-uagb-image--effect-static wp-block-uagb-image--align-none\"><figure class=\"wp-block-uagb-image__figure\"><img decoding=\"async\" srcset=\"https:\/\/uelsen-nachhaltig.de\/wordpress\/wp-content\/uploads\/2024\/10\/Frische-Luft6.jpg ,https:\/\/uelsen-nachhaltig.de\/wordpress\/wp-content\/uploads\/2024\/10\/Frische-Luft6.jpg 780w, https:\/\/uelsen-nachhaltig.de\/wordpress\/wp-content\/uploads\/2024\/10\/Frische-Luft6.jpg 360w\" sizes=\"auto, (max-width: 480px) 150px\" src=\"https:\/\/uelsen-nachhaltig.de\/wordpress\/wp-content\/uploads\/2024\/10\/Frische-Luft6.jpg\" alt=\"\" class=\"uag-image-2792\" width=\"585\" height=\"382\" title=\"Frische Luft6\" loading=\"lazy\" role=\"img\"\/><\/figure><\/div>\n<\/div>\n<\/div><\/div>\n\n\n\n<div class=\"wp-block-uagb-icon-list uagb-block-608d3a99\"><div class=\"uagb-icon-list__wrap\">\n<div class=\"wp-block-uagb-icon-list-child uagb-block-66e8ef11\"><span class=\"uagb-icon-list__source-wrap\"><svg xmlns=\"https:\/\/www.w3.org\/2000\/svg\" viewBox=\"0 0 512 512\"><path d=\"M256 0C114.6 0 0 114.6 0 256c0 141.4 114.6 256 256 256s256-114.6 256-256C512 114.6 397.4 0 256 0zM406.6 278.6l-103.1 103.1c-12.5 12.5-32.75 12.5-45.25 0s-12.5-32.75 0-45.25L306.8 288H128C110.3 288 96 273.7 96 256s14.31-32 32-32h178.8l-49.38-49.38c-12.5-12.5-12.5-32.75 0-45.25s32.75-12.5 45.25 0l103.1 103.1C414.6 241.3 416 251.1 416 256C416 260.9 414.6 270.7 406.6 278.6z\"><\/path><\/svg><\/span><span class=\"uagb-icon-list__label\">Ist mir bewusst, wieviel ich mich in Innenr\u00e4umen aufhalte? Bei den meisten Menschen sin des 18 bis 22 Stunden am Tag (also 80 &#8211; 90 % der Zeit). <\/span><\/div>\n\n\n\n<div class=\"wp-block-uagb-icon-list-child uagb-block-fb271e72\"><span class=\"uagb-icon-list__source-wrap\"><svg xmlns=\"https:\/\/www.w3.org\/2000\/svg\" viewBox=\"0 0 512 512\"><path d=\"M256 0C114.6 0 0 114.6 0 256c0 141.4 114.6 256 256 256s256-114.6 256-256C512 114.6 397.4 0 256 0zM406.6 278.6l-103.1 103.1c-12.5 12.5-32.75 12.5-45.25 0s-12.5-32.75 0-45.25L306.8 288H128C110.3 288 96 273.7 96 256s14.31-32 32-32h178.8l-49.38-49.38c-12.5-12.5-12.5-32.75 0-45.25s32.75-12.5 45.25 0l103.1 103.1C414.6 241.3 416 251.1 416 256C416 260.9 414.6 270.7 406.6 278.6z\"><\/path><\/svg><\/span><span class=\"uagb-icon-list__label\">Ist mir bewusst, dass ich jede Stunde etwa 350 ltr. Luft zur Versorgung meiner Lungen ben\u00f6tige? (Daf\u00fcr atme ich circa 700 mal je 1\/2 Liter ein und aus.)<\/span><\/div>\n\n\n\n<div class=\"wp-block-uagb-icon-list-child uagb-block-3c5d4857\"><span class=\"uagb-icon-list__source-wrap\"><svg xmlns=\"https:\/\/www.w3.org\/2000\/svg\" viewBox=\"0 0 512 512\"><path d=\"M256 0C114.6 0 0 114.6 0 256c0 141.4 114.6 256 256 256s256-114.6 256-256C512 114.6 397.4 0 256 0zM406.6 278.6l-103.1 103.1c-12.5 12.5-32.75 12.5-45.25 0s-12.5-32.75 0-45.25L306.8 288H128C110.3 288 96 273.7 96 256s14.31-32 32-32h178.8l-49.38-49.38c-12.5-12.5-12.5-32.75 0-45.25s32.75-12.5 45.25 0l103.1 103.1C414.6 241.3 416 251.1 416 256C416 260.9 414.6 270.7 406.6 278.6z\"><\/path><\/svg><\/span><span class=\"uagb-icon-list__label\">Wei\u00df ich, was gute Luft ausmacht und wie belastet sie oft ist? Brauchbare Luft darf nur einen geringen Schadstoffanteil haben &#8230; (in Bearbeitg.)<\/span><\/div>\n\n\n\n<div class=\"wp-block-uagb-icon-list-child uagb-block-e5ea6998\"><span class=\"uagb-icon-list__source-wrap\"><svg xmlns=\"https:\/\/www.w3.org\/2000\/svg\" viewBox=\"0 0 512 512\"><path d=\"M256 0C114.6 0 0 114.6 0 256c0 141.4 114.6 256 256 256s256-114.6 256-256C512 114.6 397.4 0 256 0zM406.6 278.6l-103.1 103.1c-12.5 12.5-32.75 12.5-45.25 0s-12.5-32.75 0-45.25L306.8 288H128C110.3 288 96 273.7 96 256s14.31-32 32-32h178.8l-49.38-49.38c-12.5-12.5-12.5-32.75 0-45.25s32.75-12.5 45.25 0l103.1 103.1C414.6 241.3 416 251.1 416 256C416 260.9 414.6 270.7 406.6 278.6z\"><\/path><\/svg><\/span><span class=\"uagb-icon-list__label\">Wei\u00df ich, dass belastete Luft Unwohlsein und Krankheit beg\u00fcnstigen? H\u00e4ufige Symptome sind Kopfschmerzen, Infekte, Asthma, Neurodermitis, Nasenh\u00f6hlenbrobleme, M\u00fcdigkeit, Abgespanntheit und Niedergeschlagenheit, Schlaf- und Atemst\u00f6rungen, Magen- und Darmst\u00f6rungen &#8230;<\/span><\/div>\n\n\n\n<div class=\"wp-block-uagb-icon-list-child uagb-block-020a7752\"><span class=\"uagb-icon-list__source-wrap\"><svg xmlns=\"https:\/\/www.w3.org\/2000\/svg\" viewBox=\"0 0 512 512\"><path d=\"M256 0C114.6 0 0 114.6 0 256c0 141.4 114.6 256 256 256s256-114.6 256-256C512 114.6 397.4 0 256 0zM406.6 278.6l-103.1 103.1c-12.5 12.5-32.75 12.5-45.25 0s-12.5-32.75 0-45.25L306.8 288H128C110.3 288 96 273.7 96 256s14.31-32 32-32h178.8l-49.38-49.38c-12.5-12.5-12.5-32.75 0-45.25s32.75-12.5 45.25 0l103.1 103.1C414.6 241.3 416 251.1 416 256C416 260.9 414.6 270.7 406.6 278.6z\"><\/path><\/svg><\/span><span class=\"uagb-icon-list__label\">Jeden Tag verteile ich etwa 3 &#8211; 4 Liter Wasser(dampf) an die Raumluft. Wohne ich mit noch 3 Personen mehr im Haus, k\u00f6nnen 12 Liter und mehr Wasser zusammen kommen (durch Atmung, Schwitzen, Duschen, Kochen, Blumen &#8230;). Wo bleibt die ganze Feuchtigkeit? a) Soweit m\u00f6glich in der Raumluft, b) absetzend als Kondenswasser an k\u00fchleren Stellen, c) bei Luftaustausch geht sie nach drau\u00dfen.<\/span><\/div>\n<\/div><\/div>\n\n\n\n<div class=\"wp-block-uagb-container uagb-block-216900e9 alignfull uagb-is-root-container\"><div class=\"uagb-container-inner-blocks-wrap\">\n<div class=\"wp-block-uagb-container uagb-block-29d6504f\">\n<div class=\"wp-block-uagb-inline-notice uagb-inline_notice__align-left uagb-block-8f4036ad\"><button class=\"uagb-notice-close-button\" type=\"button\" aria-label=\"Close\"><\/button><h4 class=\"uagb-notice-title\">Frische Luft, weil &#8230;<\/h4><div class=\"uagb-notice-text\">\n<p>&#8211; &#8217;strenge&#8216; oder muffige Raumluft immer ein Alarmzeichen ist.<\/p>\n\n\n\n<p>&#8211; ein Sauerstoffmangel erst (zu) sp\u00e4t vernommen wird und rechtzeigtes* Handeln oft unterbleibt<\/p>\n\n\n\n<p>&#8211; bei \u00fcberm\u00e4\u00dfiger Feuchte gew\u00f6hnlich eine unsch\u00f6ne Schimmelbildung entsteht, die obendrein die Raumluft mit Schadstoffen zus\u00e4tzlich belastet,<\/p>\n\n\n\n<p>&#8211; durch gesunde Raumluft viele Krankheiten vermieden werden!<\/p>\n\n\n\n<p>*) Bin ich in einem mittelgro\u00dfen dichten Raum mit noch einer Person zusammen, so wird allein durch die Atmung nach etwa 2 Stunden ein bedenklicher Kohlendioxyd-Wert erreicht. M\u00fcdigkeit und Kopfschmerzen sind oft die Folgen.<\/p>\n<\/div><\/div>\n\n\n\n<p><\/p>\n<\/div>\n\n\n\n<div class=\"wp-block-uagb-container uagb-block-ca3de426\">\n<div class=\"wp-block-uagb-image uagb-block-0ca7e322 wp-block-uagb-image--layout-default wp-block-uagb-image--effect-static wp-block-uagb-image--align-none\"><figure class=\"wp-block-uagb-image__figure\"><img decoding=\"async\" srcset=\"https:\/\/uelsen-nachhaltig.de\/wordpress\/wp-content\/uploads\/2024\/10\/400px-Schnupfen.jpg ,https:\/\/uelsen-nachhaltig.de\/wordpress\/wp-content\/uploads\/2024\/10\/400px-Schnupfen.jpg 780w, https:\/\/uelsen-nachhaltig.de\/wordpress\/wp-content\/uploads\/2024\/10\/400px-Schnupfen.jpg 360w\" sizes=\"auto, (max-width: 480px) 150px\" src=\"https:\/\/uelsen-nachhaltig.de\/wordpress\/wp-content\/uploads\/2024\/10\/400px-Schnupfen.jpg\" alt=\"\" class=\"uag-image-2793\" width=\"400\" height=\"265\" title=\"400px-Schnupfen\" loading=\"lazy\" role=\"img\"\/><\/figure><\/div>\n<\/div>\n<\/div><\/div>\n\n\n\n<div class=\"wp-block-uagb-inline-notice uagb-inline_notice__align-left uagb-block-146bcfdb\"><button class=\"uagb-notice-close-button\" type=\"button\" aria-label=\"Close\"><\/button><h4 class=\"uagb-notice-title\">Wie bekomme ich das hin?<br><\/h4><div class=\"uagb-notice-text\">\n<p>Wenn (weil) ich die Raumaufenthalte nicht minimieren kann, sollte ich tunlichst auf einen gen\u00fcgenden Luftaustausch achten.<\/p>\n\n\n\n<p>Wie?<\/p>\n\n\n\n<p>A _ Manuell sto\u00dfl\u00fcften. <\/p>\n\n\n\n<p><\/p>\n\n\n\n<p>B _ Automatisch be- und entl\u00fcften<\/p>\n\n\n\n<p>&#8230;&#8230;&#8230;&#8230;.weiteres dazu in K\u00fcrze &#8230;&#8230;&#8230;&#8230;&#8230;&#8230;.<\/p>\n<\/div><\/div>\n\n\n\n<div class=\"wp-block-uagb-image uagb-block-80df1743 wp-block-uagb-image--layout-default wp-block-uagb-image--effect-static wp-block-uagb-image--align-none\"><figure class=\"wp-block-uagb-image__figure\"><img decoding=\"async\" srcset=\"https:\/\/uelsen-nachhaltig.de\/wordpress\/wp-content\/uploads\/2024\/10\/EinladgFlyer2-1024x819.jpg ,https:\/\/uelsen-nachhaltig.de\/wordpress\/wp-content\/uploads\/2024\/10\/EinladgFlyer2.jpg 780w, https:\/\/uelsen-nachhaltig.de\/wordpress\/wp-content\/uploads\/2024\/10\/EinladgFlyer2.jpg 360w\" sizes=\"auto, (max-width: 480px) 150px\" src=\"https:\/\/uelsen-nachhaltig.de\/wordpress\/wp-content\/uploads\/2024\/10\/EinladgFlyer2-1024x819.jpg\" alt=\"\" class=\"uag-image-2794\" width=\"2325\" height=\"1860\" title=\"EinladgFlyer2\" loading=\"lazy\" role=\"img\"\/><\/figure><\/div>\n","protected":false},"excerpt":{"rendered":"<p>Gute Luft im Raum &#8211; gewusst wie Warum ist der Luft-Austausch so wichtig? Zun\u00e4chst:<\/p>\n","protected":false},"author":1,"featured_media":2792,"comment_status":"open","ping_status":"open","sticky":false,"template":"","format":"standard","meta":{"_uag_custom_page_level_css":"","site-sidebar-layout":"default","site-content-layout":"","ast-site-content-layout":"","site-content-style":"default","site-sidebar-style":"default","ast-global-header-display":"","ast-banner-title-visibility":"","ast-main-header-display":"","ast-hfb-above-header-display":"","ast-hfb-below-header-display":"","ast-hfb-mobile-header-display":"","site-post-title":"disabled","ast-breadcrumbs-content":"","ast-featured-img":"","footer-sml-layout":"","theme-transparent-header-meta":"","adv-header-id-meta":"","stick-header-meta":"","header-above-stick-meta":"","header-main-stick-meta":"","header-below-stick-meta":"","astra-migrate-meta-layouts":"default","ast-page-background-enabled":"default","ast-page-background-meta":{"desktop":{"background-color":"var(--ast-global-color-4)","background-image":"","background-repeat":"repeat","background-position":"center center","background-size":"auto","background-attachment":"scroll","background-type":"","background-media":"","overlay-type":"","overlay-color":"","overlay-opacity":"","overlay-gradient":""},"tablet":{"background-color":"","background-image":"","background-repeat":"repeat","background-position":"center center","background-size":"auto","background-attachment":"scroll","background-type":"","background-media":"","overlay-type":"","overlay-color":"","overlay-opacity":"","overlay-gradient":""},"mobile":{"background-color":"","background-image":"","background-repeat":"repeat","background-position":"center center","background-size":"auto","background-attachment":"scroll","background-type":"","background-media":"","overlay-type":"","overlay-color":"","overlay-opacity":"","overlay-gradient":""}},"ast-content-background-meta":{"desktop":{"background-color":"var(--ast-global-color-5)","background-image":"","background-repeat":"repeat","background-position":"center center","background-size":"auto","background-attachment":"scroll","background-type":"","background-media":"","overlay-type":"","overlay-color":"","overlay-opacity":"","overlay-gradient":""},"tablet":{"background-color":"var(--ast-global-color-5)","background-image":"","background-repeat":"repeat","background-position":"center center","background-size":"auto","background-attachment":"scroll","background-type":"","background-media":"","overlay-type":"","overlay-color":"","overlay-opacity":"","overlay-gradient":""},"mobile":{"background-color":"var(--ast-global-color-5)","background-image":"","background-repeat":"repeat","background-position":"center center","background-size":"auto","background-attachment":"scroll","background-type":"","background-media":"","overlay-type":"","overlay-color":"","overlay-opacity":"","overlay-gradient":""}},"iawp_total_views":4,"footnotes":""},"categories":[17],"tags":[],"class_list":["post-2904","post","type-post","status-publish","format-standard","has-post-thumbnail","hentry","category-bauen-und-wohnen"],"uagb_featured_image_src":{"full":["https:\/\/uelsen-nachhaltig.de\/wordpress\/wp-content\/uploads\/2024\/10\/Frische-Luft6.jpg",585,382,false],"thumbnail":["https:\/\/uelsen-nachhaltig.de\/wordpress\/wp-content\/uploads\/2024\/10\/Frische-Luft6-150x150.jpg",150,150,true],"medium":["https:\/\/uelsen-nachhaltig.de\/wordpress\/wp-content\/uploads\/2024\/10\/Frische-Luft6-300x196.jpg",300,196,true],"medium_large":["https:\/\/uelsen-nachhaltig.de\/wordpress\/wp-content\/uploads\/2024\/10\/Frische-Luft6.jpg",585,382,false],"large":["https:\/\/uelsen-nachhaltig.de\/wordpress\/wp-content\/uploads\/2024\/10\/Frische-Luft6.jpg",585,382,false],"1536x1536":["https:\/\/uelsen-nachhaltig.de\/wordpress\/wp-content\/uploads\/2024\/10\/Frische-Luft6.jpg",585,382,false],"2048x2048":["https:\/\/uelsen-nachhaltig.de\/wordpress\/wp-content\/uploads\/2024\/10\/Frische-Luft6.jpg",585,382,false]},"uagb_author_info":{"display_name":"hermannmarkert","author_link":"https:\/\/uelsen-nachhaltig.de\/wordpress\/author\/hermannmarkert\/"},"uagb_comment_info":0,"uagb_excerpt":"Gute Luft im Raum &#8211; gewusst wie Warum ist der Luft-Austausch so wichtig? Zun\u00e4chst:","_links":{"self":[{"href":"https:\/\/uelsen-nachhaltig.de\/wordpress\/wp-json\/wp\/v2\/posts\/2904","targetHints":{"allow":["GET"]}}],"collection":[{"href":"https:\/\/uelsen-nachhaltig.de\/wordpress\/wp-json\/wp\/v2\/posts"}],"about":[{"href":"https:\/\/uelsen-nachhaltig.de\/wordpress\/wp-json\/wp\/v2\/types\/post"}],"author":[{"embeddable":true,"href":"https:\/\/uelsen-nachhaltig.de\/wordpress\/wp-json\/wp\/v2\/users\/1"}],"replies":[{"embeddable":true,"href":"https:\/\/uelsen-nachhaltig.de\/wordpress\/wp-json\/wp\/v2\/comments?post=2904"}],"version-history":[{"count":1,"href":"https:\/\/uelsen-nachhaltig.de\/wordpress\/wp-json\/wp\/v2\/posts\/2904\/revisions"}],"predecessor-version":[{"id":2905,"href":"https:\/\/uelsen-nachhaltig.de\/wordpress\/wp-json\/wp\/v2\/posts\/2904\/revisions\/2905"}],"wp:featuredmedia":[{"embeddable":true,"href":"https:\/\/uelsen-nachhaltig.de\/wordpress\/wp-json\/wp\/v2\/media\/2792"}],"wp:attachment":[{"href":"https:\/\/uelsen-nachhaltig.de\/wordpress\/wp-json\/wp\/v2\/media?parent=2904"}],"wp:term":[{"taxonomy":"category","embeddable":true,"href":"https:\/\/uelsen-nachhaltig.de\/wordpress\/wp-json\/wp\/v2\/categories?post=2904"},{"taxonomy":"post_tag","embeddable":true,"href":"https:\/\/uelsen-nachhaltig.de\/wordpress\/wp-json\/wp\/v2\/tags?post=2904"}],"curies":[{"name":"wp","href":"https:\/\/api.w.org\/{rel}","templated":true}]}}