{"id":2128,"date":"2024-09-04T09:00:01","date_gmt":"2024-09-04T07:00:01","guid":{"rendered":"https:\/\/uelsen-nachhaltig.de\/wordpress\/?p=2128"},"modified":"2025-01-06T09:56:47","modified_gmt":"2025-01-06T08:56:47","slug":"unvergessliches","status":"publish","type":"post","link":"https:\/\/uelsen-nachhaltig.de\/wordpress\/unvergessliches\/","title":{"rendered":"Unvergessliches"},"content":{"rendered":"\n<div class=\"wp-block-uagb-container uagb-block-9096114e alignfull uagb-is-root-container\"><div class=\"uagb-container-inner-blocks-wrap\">\n<div class=\"wp-block-uagb-advanced-heading uagb-block-40453060\"><h2 class=\"uagb-heading-text\"> <\/h2><\/div>\n<\/div><\/div>\n\n\n\n<p>Nachhaltig kann man wohl auch nennen, was lange nachwirkt. Sind es doch diese besonderen Erfahrungen und Begegnungen. Sch\u00f6ne Erlebnisse, die unvergessen bleiben. Vielleicht aus Urlaubstagen, besonderen H\u00f6hepunkten, Erfolge \u2026&nbsp; &#8211; da f\u00e4llt jedem sicher was Eigenes dazu ein, hoffentlich viel.<\/p>\n\n\n\n<p>Unvergesslich sind da hingegen auch ungute Erfahrungen. Ungl\u00fccke, Krankheiten, Verluste, innere Verletzungen, Entt\u00e4uschungen \u2026&nbsp; Ja auch die wirken leider lange nach.<\/p>\n\n\n\n<p>Aber bleiben wir doch bei den guten Erfahrungen. Wolfgang Petry hat es in einem Lied mal so explizit ausgedr\u00fcckt: \u201a<em>Du bist ein Wunder, so wie ein Wunder, ein wunder Punkt in meinem Leben. \u2026 Ich hab\u00b4 versucht, dich zu vergessen, doch ich schaff es einfach nicht, weil man ein Wunder, das man erlebt hat, nie mehr vergisst. \u2026\u2018<\/em><\/p>\n\n\n\n<p>Denke, es sind eher die Erlebnisse, die einem tief im Innern bewegen, die lange h\u00e4ngen bleiben. Und man h\u00fctet sie vielfach f\u00fcr sich, spricht selten dr\u00fcber, manchmal nie. H\u00e4ngt wohl auch mit unserer alten Grafschafter Tugend zusammen. \u00dcber so pers\u00f6nliches redet man nicht.<\/p>\n\n\n\n<p>Heute h\u00f6rte ich von Gudrun Weber \u00fcber Web-Radio von einer Art Schatzsuche. Auch sehr pers\u00f6nlich und daher wohl unvergesslich. Nachzulesen und zu h\u00f6ren hier:&nbsp; <a href=\"https:\/\/www.erf.de\/hoeren-sehen\/erf-plus\/audiothek\/wort-zum-tag\/suchen-und-finden\/73-7614\">\u2063Suchen und Finden &#8211; erf.de<\/a><\/p>\n\n\n\n<p>Eine Begegnung besonderer Art. Mit nachhaltiger Wirkung. Glaube, nachhaltiger geht nicht.<br><br>Und wie ist das bei uns bei dir, bei mir? Da gab es doch auch bedeutsame Erlebnisse. Ja, eigentlich sollten wir dar\u00fcber uns auch mehr austauschen (wenn da nur nicht die klotzigen Hemmschuhe w\u00e4ren).<\/p>\n\n\n\n<p>Ein Ansatz: das tiefgreifenste Wunder, von dem Gudrun Weber erz\u00e4hlt, habe ich selber \u00e4hnlich mit etwa 19 Jahren erlebt. Seither hat sich dadurch viel bewegt, und es bewegt mich bis heute. Wohl auch daher die Initiative Uelsen nachhaltig.<\/p>\n\n\n\n<p><\/p>\n\n\n\n<p><\/p>\n","protected":false},"excerpt":{"rendered":"<p>Nachhaltig kann man wohl auch nennen, was lange nachwirkt. Sind es doch diese besonderen Erfahrungen und Begegnungen. Sch\u00f6ne Erlebnisse, die [&hellip;]<\/p>\n","protected":false},"author":1,"featured_media":96,"comment_status":"open","ping_status":"open","sticky":false,"template":"","format":"standard","meta":{"_uag_custom_page_level_css":"","site-sidebar-layout":"default","site-content-layout":"","ast-site-content-layout":"","site-content-style":"default","site-sidebar-style":"default","ast-global-header-display":"","ast-banner-title-visibility":"","ast-main-header-display":"","ast-hfb-above-header-display":"","ast-hfb-below-header-display":"","ast-hfb-mobile-header-display":"","site-post-title":"disabled","ast-breadcrumbs-content":"","ast-featured-img":"","footer-sml-layout":"","theme-transparent-header-meta":"","adv-header-id-meta":"","stick-header-meta":"","header-above-stick-meta":"","header-main-stick-meta":"","header-below-stick-meta":"","astra-migrate-meta-layouts":"default","ast-page-background-enabled":"default","ast-page-background-meta":{"desktop":{"background-color":"var(--ast-global-color-4)","background-image":"","background-repeat":"repeat","background-position":"center center","background-size":"auto","background-attachment":"scroll","background-type":"","background-media":"","overlay-type":"","overlay-color":"","overlay-opacity":"","overlay-gradient":""},"tablet":{"background-color":"","background-image":"","background-repeat":"repeat","background-position":"center center","background-size":"auto","background-attachment":"scroll","background-type":"","background-media":"","overlay-type":"","overlay-color":"","overlay-opacity":"","overlay-gradient":""},"mobile":{"background-color":"","background-image":"","background-repeat":"repeat","background-position":"center center","background-size":"auto","background-attachment":"scroll","background-type":"","background-media":"","overlay-type":"","overlay-color":"","overlay-opacity":"","overlay-gradient":""}},"ast-content-background-meta":{"desktop":{"background-color":"var(--ast-global-color-5)","background-image":"","background-repeat":"repeat","background-position":"center center","background-size":"auto","background-attachment":"scroll","background-type":"","background-media":"","overlay-type":"","overlay-color":"","overlay-opacity":"","overlay-gradient":""},"tablet":{"background-color":"var(--ast-global-color-5)","background-image":"","background-repeat":"repeat","background-position":"center center","background-size":"auto","background-attachment":"scroll","background-type":"","background-media":"","overlay-type":"","overlay-color":"","overlay-opacity":"","overlay-gradient":""},"mobile":{"background-color":"var(--ast-global-color-5)","background-image":"","background-repeat":"repeat","background-position":"center center","background-size":"auto","background-attachment":"scroll","background-type":"","background-media":"","overlay-type":"","overlay-color":"","overlay-opacity":"","overlay-gradient":""}},"iawp_total_views":17,"footnotes":""},"categories":[8],"tags":[],"class_list":["post-2128","post","type-post","status-publish","format-standard","has-post-thumbnail","hentry","category-aktuell"],"uagb_featured_image_src":{"full":["https:\/\/uelsen-nachhaltig.de\/wordpress\/wp-content\/uploads\/2024\/08\/af04-free-img.jpg",500,600,false],"thumbnail":["https:\/\/uelsen-nachhaltig.de\/wordpress\/wp-content\/uploads\/2024\/08\/af04-free-img-150x150.jpg",150,150,true],"medium":["https:\/\/uelsen-nachhaltig.de\/wordpress\/wp-content\/uploads\/2024\/08\/af04-free-img-250x300.jpg",250,300,true],"medium_large":["https:\/\/uelsen-nachhaltig.de\/wordpress\/wp-content\/uploads\/2024\/08\/af04-free-img.jpg",500,600,false],"large":["https:\/\/uelsen-nachhaltig.de\/wordpress\/wp-content\/uploads\/2024\/08\/af04-free-img.jpg",500,600,false],"1536x1536":["https:\/\/uelsen-nachhaltig.de\/wordpress\/wp-content\/uploads\/2024\/08\/af04-free-img.jpg",500,600,false],"2048x2048":["https:\/\/uelsen-nachhaltig.de\/wordpress\/wp-content\/uploads\/2024\/08\/af04-free-img.jpg",500,600,false]},"uagb_author_info":{"display_name":"hermannmarkert","author_link":"https:\/\/uelsen-nachhaltig.de\/wordpress\/author\/hermannmarkert\/"},"uagb_comment_info":0,"uagb_excerpt":"Nachhaltig kann man wohl auch nennen, was lange nachwirkt. Sind es doch diese besonderen Erfahrungen und Begegnungen. Sch\u00f6ne Erlebnisse, die [&hellip;]","_links":{"self":[{"href":"https:\/\/uelsen-nachhaltig.de\/wordpress\/wp-json\/wp\/v2\/posts\/2128","targetHints":{"allow":["GET"]}}],"collection":[{"href":"https:\/\/uelsen-nachhaltig.de\/wordpress\/wp-json\/wp\/v2\/posts"}],"about":[{"href":"https:\/\/uelsen-nachhaltig.de\/wordpress\/wp-json\/wp\/v2\/types\/post"}],"author":[{"embeddable":true,"href":"https:\/\/uelsen-nachhaltig.de\/wordpress\/wp-json\/wp\/v2\/users\/1"}],"replies":[{"embeddable":true,"href":"https:\/\/uelsen-nachhaltig.de\/wordpress\/wp-json\/wp\/v2\/comments?post=2128"}],"version-history":[{"count":7,"href":"https:\/\/uelsen-nachhaltig.de\/wordpress\/wp-json\/wp\/v2\/posts\/2128\/revisions"}],"predecessor-version":[{"id":2898,"href":"https:\/\/uelsen-nachhaltig.de\/wordpress\/wp-json\/wp\/v2\/posts\/2128\/revisions\/2898"}],"wp:featuredmedia":[{"embeddable":true,"href":"https:\/\/uelsen-nachhaltig.de\/wordpress\/wp-json\/wp\/v2\/media\/96"}],"wp:attachment":[{"href":"https:\/\/uelsen-nachhaltig.de\/wordpress\/wp-json\/wp\/v2\/media?parent=2128"}],"wp:term":[{"taxonomy":"category","embeddable":true,"href":"https:\/\/uelsen-nachhaltig.de\/wordpress\/wp-json\/wp\/v2\/categories?post=2128"},{"taxonomy":"post_tag","embeddable":true,"href":"https:\/\/uelsen-nachhaltig.de\/wordpress\/wp-json\/wp\/v2\/tags?post=2128"}],"curies":[{"name":"wp","href":"https:\/\/api.w.org\/{rel}","templated":true}]}}